{"id":1258,"date":"2025-08-11T11:48:21","date_gmt":"2025-08-11T09:48:21","guid":{"rendered":"https:\/\/www.surs-it.ch\/?p=1258"},"modified":"2025-08-12T11:36:14","modified_gmt":"2025-08-12T09:36:14","slug":"matteo-candinas-stellt-sich-vor","status":"publish","type":"post","link":"https:\/\/www.surs-it.ch\/index.php\/2025\/08\/11\/matteo-candinas-stellt-sich-vor\/","title":{"rendered":"Matteo Candinas stellt sich vor"},"content":{"rendered":"\n<p><!--ScriptorStartFragment--><\/p>\n<div><img fetchpriority=\"high\" decoding=\"async\" class=\"alignnone size-medium wp-image-1176\" src=\"https:\/\/www.surs-it.ch\/wp-content\/uploads\/2017\/05\/MCAN_very-low-300x200.jpg\" alt=\"\" width=\"300\" height=\"200\" srcset=\"https:\/\/www.surs-it.ch\/wp-content\/uploads\/2017\/05\/MCAN_very-low-300x200.jpg 300w, https:\/\/www.surs-it.ch\/wp-content\/uploads\/2017\/05\/MCAN_very-low.jpg 500w\" sizes=\"(max-width: 300px) 100vw, 300px\" \/><\/div>\n<div>\u00a0<\/div>\n<div class=\"scriptor-paragraph\">Hallo zusammen, ich bin Matteo Candinas, 17 Jahre alt und komme aus dem sch\u00f6nen Disentis. Seit Sommer 2024 bin ich Lernender bei der surs it AG in Ilanz und starte dort meine Ausbildung als Informatiker EFZ. In meiner Freizeit verbringe ich gerne Zeit mit meinen Ziegen oder gehe eine Runde Golf spielen. Beides gibt mir einen guten Ausgleich zum Alltag.<\/div>\n<div>\u00a0<\/div>\n<h3 class=\"scriptor-paragraph\">Berufseinstieg<\/h3>\n<div class=\"scriptor-paragraph\">Ich habe die Sekundarschule in Disentis abgeschlossen. Schon w\u00e4hrend der Schulzeit wurde uns die Aufgabe gestellt, uns mit m\u00f6glichen Lehrstellen auseinanderzusetzen. Damals war mir noch nicht ganz klar, in welche Richtung ich gehen m\u00f6chte \u2013 aber eines war sicher: Technik und Computer haben mich schon immer interessiert. Ich wollte einen Beruf, bei dem ich nicht nur mitdenke, sondern auch mitgestalten kann.<\/div>\n<div class=\"scriptor-paragraph\">Nach einigen Recherchen bin ich auf den Beruf des Informatikers gestossen. Je mehr ich mich damit befasst habe, desto mehr war mir klar, dass das der richtige Weg f\u00fcr mich ist. Ich habe mich beworben und durfte einen Schnuppertag bei der surs it AG machen. Dort f\u00fchlte ich mich von Anfang an wohl. Das Team war freundlich und die Aufgaben spannend. Kurze Zeit sp\u00e4ter erhielt ich die Zusage.<\/div>\n<div>\u00a0<\/div>\n<h3 class=\"scriptor-paragraph\">Was erwarte ich von diesen vier Jahren?<\/h3>\n<div class=\"scriptor-paragraph\">Meine Lehre dauert vier Jahre. In dieser Zeit m\u00f6chte ich so viel wie m\u00f6glich lernen und mich stetig verbessern. Nat\u00fcrlich werde ich gefordert sein \u2013 ich bin bereit, mein Bestes zu geben und dranzubleiben. Von meiner Familie kann ich Unterst\u00fctzung erwarten, genauso wie vom Team der in technologies group AG. Ich hoffe auf abwechslungsreiche und spannende Aufgaben, die mich fordern und f\u00f6rdern. Mein Ziel ist es, am Ende der Ausbildung gut vorbereitet zu sein und selbstst\u00e4ndig in der Informatikwelt bestehen zu k\u00f6nnen.<\/div>\n<div>\u00a0<\/div>\n<h3 class=\"scriptor-paragraph\">Was ist meine Rolle im Unternehmen?<\/h3>\n<div class=\"scriptor-paragraph\">Bei der surs it AG lerne ich den Beruf Informatiker EFZ mit Fachrichtung Plattformentwicklung. Zu Beginn geht es vor allem darum, Neues zu entdecken und die Grundlagen zu verstehen. Ich freue mich darauf, immer mehr Verantwortung \u00fcbernehmen zu k\u00f6nnen \u2013 sei es beim Einrichten von Systemen oder beim L\u00f6sen technischer Probleme. Ich bin motiviert, mein Wissen Schritt f\u00fcr Schritt zu erweitern. Auch wenn es manchmal Geduld braucht: Mit \u00dcbung und Interesse w\u00e4chst man mit den Aufgaben.<\/div>\n<div>\u00a0<\/div>\n<h3 class=\"scriptor-paragraph\">Wie bin ich privat?<\/h3>\n<div class=\"scriptor-paragraph\">Ich bin ein extrovertierter, kommunikativer Mensch und verbringe gerne Zeit mit meinen Freunden. Den gr\u00f6ssten Teil meiner Freizeit verbringe ich bei meinen Ziegen, die mir sehr am Herzen liegen und mit denen ich seit meiner Kindheit auch handle. Der Umgang mit Tieren erdet mich und gibt mir Energie. Golf ist f\u00fcr mich ein toller Sport, um den Kopf freizubekommen und gleichzeitig konzentriert zu bleiben. Ich bin jemand, der gerne Neues ausprobiert und Herausforderungen nicht scheut. Egal ob privat, gesch\u00e4ftlich oder schulisch \u2013 ich bleibe dran, bis ich mein Ziel erreicht habe.<\/div>\n<p><!--ScriptorEndFragment--><\/p>\n\n\n\n\n","protected":false},"excerpt":{"rendered":"<p>In diesem Blogbeitrag lernt ihr unseren Lernenden Matteo Candinas kennen und erfahrt, warum er sich f\u00fcr die Lehre als Informatiker entschieden hat.<\/p>\n","protected":false},"author":2,"featured_media":1176,"comment_status":"closed","ping_status":"closed","sticky":false,"template":"","format":"standard","meta":{"_monsterinsights_skip_tracking":false,"_monsterinsights_sitenote_active":false,"_monsterinsights_sitenote_note":"","_monsterinsights_sitenote_category":0,"footnotes":""},"categories":[1],"tags":[],"class_list":["post-1258","post","type-post","status-publish","format-standard","has-post-thumbnail","hentry","category-allgemein"],"yoast_head":"<!-- This site is optimized with the Yoast SEO plugin v27.5 - https:\/\/yoast.com\/product\/yoast-seo-wordpress\/ -->\n<title>Matteo Candinas stellt sich vor - surs it AG<\/title>\n<meta name=\"description\" content=\"In diesem Blogbeitrag lernt ihr unseren Lernenden Matteo Candinas kennen und erfahrt, warum er sich f\u00fcr die Lehre entschieden hat.\" \/>\n<meta name=\"robots\" content=\"index, follow, max-snippet:-1, max-image-preview:large, max-video-preview:-1\" \/>\n<link rel=\"canonical\" href=\"https:\/\/www.surs-it.ch\/index.php\/2025\/08\/11\/matteo-candinas-stellt-sich-vor\/\" \/>\n<meta property=\"og:locale\" content=\"de_DE\" \/>\n<meta property=\"og:type\" content=\"article\" \/>\n<meta property=\"og:title\" content=\"Matteo Candinas stellt sich vor - surs it AG\" \/>\n<meta property=\"og:description\" content=\"In diesem Blogbeitrag lernt ihr unseren Lernenden Matteo Candinas kennen und erfahrt, warum er sich f\u00fcr die Lehre entschieden hat.\" \/>\n<meta property=\"og:url\" content=\"https:\/\/www.surs-it.ch\/index.php\/2025\/08\/11\/matteo-candinas-stellt-sich-vor\/\" \/>\n<meta property=\"og:site_name\" content=\"surs it AG\" \/>\n<meta property=\"article:published_time\" content=\"2025-08-11T09:48:21+00:00\" \/>\n<meta property=\"article:modified_time\" content=\"2025-08-12T09:36:14+00:00\" \/>\n<meta property=\"og:image\" content=\"https:\/\/www.surs-it.ch\/wp-content\/uploads\/2017\/05\/MCAN_very-low.jpg\" \/>\n\t<meta property=\"og:image:width\" content=\"500\" \/>\n\t<meta property=\"og:image:height\" content=\"334\" \/>\n\t<meta property=\"og:image:type\" content=\"image\/jpeg\" \/>\n<meta name=\"author\" content=\"sursitag\" \/>\n<meta name=\"twitter:card\" content=\"summary_large_image\" \/>\n<meta name=\"twitter:label1\" content=\"Geschrieben von\" \/>\n\t<meta name=\"twitter:data1\" content=\"sursitag\" \/>\n\t<meta name=\"twitter:label2\" content=\"Gesch\u00e4tzte Lesezeit\" \/>\n\t<meta name=\"twitter:data2\" content=\"3\u00a0Minuten\" \/>\n<script type=\"application\/ld+json\" class=\"yoast-schema-graph\">{\"@context\":\"https:\\\/\\\/schema.org\",\"@graph\":[{\"@type\":\"Article\",\"@id\":\"https:\\\/\\\/www.surs-it.ch\\\/index.php\\\/2025\\\/08\\\/11\\\/matteo-candinas-stellt-sich-vor\\\/#article\",\"isPartOf\":{\"@id\":\"https:\\\/\\\/www.surs-it.ch\\\/index.php\\\/2025\\\/08\\\/11\\\/matteo-candinas-stellt-sich-vor\\\/\"},\"author\":{\"name\":\"sursitag\",\"@id\":\"https:\\\/\\\/www.surs-it.ch\\\/#\\\/schema\\\/person\\\/ce6222df2ed9308988988ad67696f770\"},\"headline\":\"Matteo Candinas stellt sich vor\",\"datePublished\":\"2025-08-11T09:48:21+00:00\",\"dateModified\":\"2025-08-12T09:36:14+00:00\",\"mainEntityOfPage\":{\"@id\":\"https:\\\/\\\/www.surs-it.ch\\\/index.php\\\/2025\\\/08\\\/11\\\/matteo-candinas-stellt-sich-vor\\\/\"},\"wordCount\":476,\"publisher\":{\"@id\":\"https:\\\/\\\/www.surs-it.ch\\\/#organization\"},\"image\":{\"@id\":\"https:\\\/\\\/www.surs-it.ch\\\/index.php\\\/2025\\\/08\\\/11\\\/matteo-candinas-stellt-sich-vor\\\/#primaryimage\"},\"thumbnailUrl\":\"https:\\\/\\\/www.surs-it.ch\\\/wp-content\\\/uploads\\\/2017\\\/05\\\/MCAN_very-low.jpg\",\"inLanguage\":\"de-CH\"},{\"@type\":\"WebPage\",\"@id\":\"https:\\\/\\\/www.surs-it.ch\\\/index.php\\\/2025\\\/08\\\/11\\\/matteo-candinas-stellt-sich-vor\\\/\",\"url\":\"https:\\\/\\\/www.surs-it.ch\\\/index.php\\\/2025\\\/08\\\/11\\\/matteo-candinas-stellt-sich-vor\\\/\",\"name\":\"Matteo Candinas stellt sich vor - surs it AG\",\"isPartOf\":{\"@id\":\"https:\\\/\\\/www.surs-it.ch\\\/#website\"},\"primaryImageOfPage\":{\"@id\":\"https:\\\/\\\/www.surs-it.ch\\\/index.php\\\/2025\\\/08\\\/11\\\/matteo-candinas-stellt-sich-vor\\\/#primaryimage\"},\"image\":{\"@id\":\"https:\\\/\\\/www.surs-it.ch\\\/index.php\\\/2025\\\/08\\\/11\\\/matteo-candinas-stellt-sich-vor\\\/#primaryimage\"},\"thumbnailUrl\":\"https:\\\/\\\/www.surs-it.ch\\\/wp-content\\\/uploads\\\/2017\\\/05\\\/MCAN_very-low.jpg\",\"datePublished\":\"2025-08-11T09:48:21+00:00\",\"dateModified\":\"2025-08-12T09:36:14+00:00\",\"description\":\"In diesem Blogbeitrag lernt ihr unseren Lernenden Matteo Candinas kennen und erfahrt, warum er sich f\u00fcr die Lehre entschieden hat.\",\"breadcrumb\":{\"@id\":\"https:\\\/\\\/www.surs-it.ch\\\/index.php\\\/2025\\\/08\\\/11\\\/matteo-candinas-stellt-sich-vor\\\/#breadcrumb\"},\"inLanguage\":\"de-CH\",\"potentialAction\":[{\"@type\":\"ReadAction\",\"target\":[\"https:\\\/\\\/www.surs-it.ch\\\/index.php\\\/2025\\\/08\\\/11\\\/matteo-candinas-stellt-sich-vor\\\/\"]}]},{\"@type\":\"ImageObject\",\"inLanguage\":\"de-CH\",\"@id\":\"https:\\\/\\\/www.surs-it.ch\\\/index.php\\\/2025\\\/08\\\/11\\\/matteo-candinas-stellt-sich-vor\\\/#primaryimage\",\"url\":\"https:\\\/\\\/www.surs-it.ch\\\/wp-content\\\/uploads\\\/2017\\\/05\\\/MCAN_very-low.jpg\",\"contentUrl\":\"https:\\\/\\\/www.surs-it.ch\\\/wp-content\\\/uploads\\\/2017\\\/05\\\/MCAN_very-low.jpg\",\"width\":500,\"height\":334},{\"@type\":\"BreadcrumbList\",\"@id\":\"https:\\\/\\\/www.surs-it.ch\\\/index.php\\\/2025\\\/08\\\/11\\\/matteo-candinas-stellt-sich-vor\\\/#breadcrumb\",\"itemListElement\":[{\"@type\":\"ListItem\",\"position\":1,\"name\":\"Startseite\",\"item\":\"https:\\\/\\\/www.surs-it.ch\\\/\"},{\"@type\":\"ListItem\",\"position\":2,\"name\":\"Matteo Candinas stellt sich vor\"}]},{\"@type\":\"WebSite\",\"@id\":\"https:\\\/\\\/www.surs-it.ch\\\/#website\",\"url\":\"https:\\\/\\\/www.surs-it.ch\\\/\",\"name\":\"surs it AG\",\"description\":\"informatica e telematica\",\"publisher\":{\"@id\":\"https:\\\/\\\/www.surs-it.ch\\\/#organization\"},\"potentialAction\":[{\"@type\":\"SearchAction\",\"target\":{\"@type\":\"EntryPoint\",\"urlTemplate\":\"https:\\\/\\\/www.surs-it.ch\\\/?s={search_term_string}\"},\"query-input\":{\"@type\":\"PropertyValueSpecification\",\"valueRequired\":true,\"valueName\":\"search_term_string\"}}],\"inLanguage\":\"de-CH\"},{\"@type\":\"Organization\",\"@id\":\"https:\\\/\\\/www.surs-it.ch\\\/#organization\",\"name\":\"surs it AG\",\"url\":\"https:\\\/\\\/www.surs-it.ch\\\/\",\"logo\":{\"@type\":\"ImageObject\",\"inLanguage\":\"de-CH\",\"@id\":\"https:\\\/\\\/www.surs-it.ch\\\/#\\\/schema\\\/logo\\\/image\\\/\",\"url\":\"https:\\\/\\\/www.surs-it.ch\\\/wp-content\\\/uploads\\\/2025\\\/06\\\/mk-sursit-logo-RZ-rgb-low.png\",\"contentUrl\":\"https:\\\/\\\/www.surs-it.ch\\\/wp-content\\\/uploads\\\/2025\\\/06\\\/mk-sursit-logo-RZ-rgb-low.png\",\"width\":1369,\"height\":376,\"caption\":\"surs it AG\"},\"image\":{\"@id\":\"https:\\\/\\\/www.surs-it.ch\\\/#\\\/schema\\\/logo\\\/image\\\/\"}},{\"@type\":\"Person\",\"@id\":\"https:\\\/\\\/www.surs-it.ch\\\/#\\\/schema\\\/person\\\/ce6222df2ed9308988988ad67696f770\",\"name\":\"sursitag\",\"image\":{\"@type\":\"ImageObject\",\"inLanguage\":\"de-CH\",\"@id\":\"https:\\\/\\\/secure.gravatar.com\\\/avatar\\\/21b96c9846800a8eb55c24030142e4c76fa3f8afd9ed3b05d169fd48cb9e2d4d?s=96&d=mm&r=g\",\"url\":\"https:\\\/\\\/secure.gravatar.com\\\/avatar\\\/21b96c9846800a8eb55c24030142e4c76fa3f8afd9ed3b05d169fd48cb9e2d4d?s=96&d=mm&r=g\",\"contentUrl\":\"https:\\\/\\\/secure.gravatar.com\\\/avatar\\\/21b96c9846800a8eb55c24030142e4c76fa3f8afd9ed3b05d169fd48cb9e2d4d?s=96&d=mm&r=g\",\"caption\":\"sursitag\"},\"url\":\"\"}]}<\/script>\n<!-- \/ Yoast SEO plugin. -->","yoast_head_json":{"title":"Matteo Candinas stellt sich vor - surs it AG","description":"In diesem Blogbeitrag lernt ihr unseren Lernenden Matteo Candinas kennen und erfahrt, warum er sich f\u00fcr die Lehre entschieden hat.","robots":{"index":"index","follow":"follow","max-snippet":"max-snippet:-1","max-image-preview":"max-image-preview:large","max-video-preview":"max-video-preview:-1"},"canonical":"https:\/\/www.surs-it.ch\/index.php\/2025\/08\/11\/matteo-candinas-stellt-sich-vor\/","og_locale":"de_DE","og_type":"article","og_title":"Matteo Candinas stellt sich vor - surs it AG","og_description":"In diesem Blogbeitrag lernt ihr unseren Lernenden Matteo Candinas kennen und erfahrt, warum er sich f\u00fcr die Lehre entschieden hat.","og_url":"https:\/\/www.surs-it.ch\/index.php\/2025\/08\/11\/matteo-candinas-stellt-sich-vor\/","og_site_name":"surs it AG","article_published_time":"2025-08-11T09:48:21+00:00","article_modified_time":"2025-08-12T09:36:14+00:00","og_image":[{"width":500,"height":334,"url":"https:\/\/www.surs-it.ch\/wp-content\/uploads\/2017\/05\/MCAN_very-low.jpg","type":"image\/jpeg"}],"author":"sursitag","twitter_card":"summary_large_image","twitter_misc":{"Geschrieben von":"sursitag","Gesch\u00e4tzte Lesezeit":"3\u00a0Minuten"},"schema":{"@context":"https:\/\/schema.org","@graph":[{"@type":"Article","@id":"https:\/\/www.surs-it.ch\/index.php\/2025\/08\/11\/matteo-candinas-stellt-sich-vor\/#article","isPartOf":{"@id":"https:\/\/www.surs-it.ch\/index.php\/2025\/08\/11\/matteo-candinas-stellt-sich-vor\/"},"author":{"name":"sursitag","@id":"https:\/\/www.surs-it.ch\/#\/schema\/person\/ce6222df2ed9308988988ad67696f770"},"headline":"Matteo Candinas stellt sich vor","datePublished":"2025-08-11T09:48:21+00:00","dateModified":"2025-08-12T09:36:14+00:00","mainEntityOfPage":{"@id":"https:\/\/www.surs-it.ch\/index.php\/2025\/08\/11\/matteo-candinas-stellt-sich-vor\/"},"wordCount":476,"publisher":{"@id":"https:\/\/www.surs-it.ch\/#organization"},"image":{"@id":"https:\/\/www.surs-it.ch\/index.php\/2025\/08\/11\/matteo-candinas-stellt-sich-vor\/#primaryimage"},"thumbnailUrl":"https:\/\/www.surs-it.ch\/wp-content\/uploads\/2017\/05\/MCAN_very-low.jpg","inLanguage":"de-CH"},{"@type":"WebPage","@id":"https:\/\/www.surs-it.ch\/index.php\/2025\/08\/11\/matteo-candinas-stellt-sich-vor\/","url":"https:\/\/www.surs-it.ch\/index.php\/2025\/08\/11\/matteo-candinas-stellt-sich-vor\/","name":"Matteo Candinas stellt sich vor - surs it AG","isPartOf":{"@id":"https:\/\/www.surs-it.ch\/#website"},"primaryImageOfPage":{"@id":"https:\/\/www.surs-it.ch\/index.php\/2025\/08\/11\/matteo-candinas-stellt-sich-vor\/#primaryimage"},"image":{"@id":"https:\/\/www.surs-it.ch\/index.php\/2025\/08\/11\/matteo-candinas-stellt-sich-vor\/#primaryimage"},"thumbnailUrl":"https:\/\/www.surs-it.ch\/wp-content\/uploads\/2017\/05\/MCAN_very-low.jpg","datePublished":"2025-08-11T09:48:21+00:00","dateModified":"2025-08-12T09:36:14+00:00","description":"In diesem Blogbeitrag lernt ihr unseren Lernenden Matteo Candinas kennen und erfahrt, warum er sich f\u00fcr die Lehre entschieden hat.","breadcrumb":{"@id":"https:\/\/www.surs-it.ch\/index.php\/2025\/08\/11\/matteo-candinas-stellt-sich-vor\/#breadcrumb"},"inLanguage":"de-CH","potentialAction":[{"@type":"ReadAction","target":["https:\/\/www.surs-it.ch\/index.php\/2025\/08\/11\/matteo-candinas-stellt-sich-vor\/"]}]},{"@type":"ImageObject","inLanguage":"de-CH","@id":"https:\/\/www.surs-it.ch\/index.php\/2025\/08\/11\/matteo-candinas-stellt-sich-vor\/#primaryimage","url":"https:\/\/www.surs-it.ch\/wp-content\/uploads\/2017\/05\/MCAN_very-low.jpg","contentUrl":"https:\/\/www.surs-it.ch\/wp-content\/uploads\/2017\/05\/MCAN_very-low.jpg","width":500,"height":334},{"@type":"BreadcrumbList","@id":"https:\/\/www.surs-it.ch\/index.php\/2025\/08\/11\/matteo-candinas-stellt-sich-vor\/#breadcrumb","itemListElement":[{"@type":"ListItem","position":1,"name":"Startseite","item":"https:\/\/www.surs-it.ch\/"},{"@type":"ListItem","position":2,"name":"Matteo Candinas stellt sich vor"}]},{"@type":"WebSite","@id":"https:\/\/www.surs-it.ch\/#website","url":"https:\/\/www.surs-it.ch\/","name":"surs it AG","description":"informatica e telematica","publisher":{"@id":"https:\/\/www.surs-it.ch\/#organization"},"potentialAction":[{"@type":"SearchAction","target":{"@type":"EntryPoint","urlTemplate":"https:\/\/www.surs-it.ch\/?s={search_term_string}"},"query-input":{"@type":"PropertyValueSpecification","valueRequired":true,"valueName":"search_term_string"}}],"inLanguage":"de-CH"},{"@type":"Organization","@id":"https:\/\/www.surs-it.ch\/#organization","name":"surs it AG","url":"https:\/\/www.surs-it.ch\/","logo":{"@type":"ImageObject","inLanguage":"de-CH","@id":"https:\/\/www.surs-it.ch\/#\/schema\/logo\/image\/","url":"https:\/\/www.surs-it.ch\/wp-content\/uploads\/2025\/06\/mk-sursit-logo-RZ-rgb-low.png","contentUrl":"https:\/\/www.surs-it.ch\/wp-content\/uploads\/2025\/06\/mk-sursit-logo-RZ-rgb-low.png","width":1369,"height":376,"caption":"surs it AG"},"image":{"@id":"https:\/\/www.surs-it.ch\/#\/schema\/logo\/image\/"}},{"@type":"Person","@id":"https:\/\/www.surs-it.ch\/#\/schema\/person\/ce6222df2ed9308988988ad67696f770","name":"sursitag","image":{"@type":"ImageObject","inLanguage":"de-CH","@id":"https:\/\/secure.gravatar.com\/avatar\/21b96c9846800a8eb55c24030142e4c76fa3f8afd9ed3b05d169fd48cb9e2d4d?s=96&d=mm&r=g","url":"https:\/\/secure.gravatar.com\/avatar\/21b96c9846800a8eb55c24030142e4c76fa3f8afd9ed3b05d169fd48cb9e2d4d?s=96&d=mm&r=g","contentUrl":"https:\/\/secure.gravatar.com\/avatar\/21b96c9846800a8eb55c24030142e4c76fa3f8afd9ed3b05d169fd48cb9e2d4d?s=96&d=mm&r=g","caption":"sursitag"},"url":""}]}},"_links":{"self":[{"href":"https:\/\/www.surs-it.ch\/index.php\/wp-json\/wp\/v2\/posts\/1258","targetHints":{"allow":["GET"]}}],"collection":[{"href":"https:\/\/www.surs-it.ch\/index.php\/wp-json\/wp\/v2\/posts"}],"about":[{"href":"https:\/\/www.surs-it.ch\/index.php\/wp-json\/wp\/v2\/types\/post"}],"author":[{"embeddable":true,"href":"https:\/\/www.surs-it.ch\/index.php\/wp-json\/wp\/v2\/users\/2"}],"replies":[{"embeddable":true,"href":"https:\/\/www.surs-it.ch\/index.php\/wp-json\/wp\/v2\/comments?post=1258"}],"version-history":[{"count":7,"href":"https:\/\/www.surs-it.ch\/index.php\/wp-json\/wp\/v2\/posts\/1258\/revisions"}],"predecessor-version":[{"id":1282,"href":"https:\/\/www.surs-it.ch\/index.php\/wp-json\/wp\/v2\/posts\/1258\/revisions\/1282"}],"wp:featuredmedia":[{"embeddable":true,"href":"https:\/\/www.surs-it.ch\/index.php\/wp-json\/wp\/v2\/media\/1176"}],"wp:attachment":[{"href":"https:\/\/www.surs-it.ch\/index.php\/wp-json\/wp\/v2\/media?parent=1258"}],"wp:term":[{"taxonomy":"category","embeddable":true,"href":"https:\/\/www.surs-it.ch\/index.php\/wp-json\/wp\/v2\/categories?post=1258"},{"taxonomy":"post_tag","embeddable":true,"href":"https:\/\/www.surs-it.ch\/index.php\/wp-json\/wp\/v2\/tags?post=1258"}],"curies":[{"name":"wp","href":"https:\/\/api.w.org\/{rel}","templated":true}]}}